{"id":1097,"date":"2026-09-02T16:52:36","date_gmt":"2026-09-02T16:52:36","guid":{"rendered":"https:\/\/www.sportprocess.co.uk\/?p=1097"},"modified":"2026-09-02T17:07:55","modified_gmt":"2026-09-02T17:07:55","slug":"a-sua-saida-provocou-muitas-reacoes-entre-os-adeptos-devido-a-importancia-que-o-avancado-tinha-para-a-equipa-e-ao-carinho-que-conquistou-junto-dos-fas","status":"publish","type":"post","link":"https:\/\/www.sportprocess.co.uk\/?p=1097","title":{"rendered":":                  \u2026   A sua sa\u00edda provocou muitas rea\u00e7\u00f5es entre os adeptos, devido \u00e0 import\u00e2ncia que o avan\u00e7ado tinha para a equipa e ao carinho que conquistou junto dos f\u00e3s."},"content":{"rendered":"<div class=\"e194fd6b4de42b4223d4d3c7945e8263\" data-index=\"1\" style=\"float: none; margin:10px 0 10px 0; text-align:center;\">\n<div class=\"hb-ad-inpage\">\r\n    <div class=\"hb-ad-inner\"> \r\n    <div class=\"hbagency_cls hbagency_space_107374\"><\/div><\/div> <\/div>\n<\/div>\n<p>Dedic, o Newcastle tamb\u00e9m est\u00e1 envolvido em outra negocia\u00e7\u00e3o de grande destaque. O clube mant\u00e9m conversa\u00e7\u00f5es com o Bayern de Munique sobre uma poss\u00edvel contrata\u00e7\u00e3o do m\u00e9dio portugu\u00eas Jo\u00e3o Palhinha.<\/p>\n<p><img loading=\"lazy\" decoding=\"async\" class=\"alignnone size-medium wp-image-1100\" src=\"https:\/\/www.sportprocess.co.uk\/wp-content\/uploads\/2026\/09\/skysports-amar-dedic-newcastle_7323053-300x169.jpg\" alt=\"\" width=\"300\" height=\"169\" srcset=\"https:\/\/www.sportprocess.co.uk\/wp-content\/uploads\/2026\/09\/skysports-amar-dedic-newcastle_7323053-300x169.jpg 300w, https:\/\/www.sportprocess.co.uk\/wp-content\/uploads\/2026\/09\/skysports-amar-dedic-newcastle_7323053-678x381.jpg 678w, https:\/\/www.sportprocess.co.uk\/wp-content\/uploads\/2026\/09\/skysports-amar-dedic-newcastle_7323053.jpg 768w\" sizes=\"auto, (max-width: 300px) 100vw, 300px\" \/><\/p>\n<p>Palhinha \u00e9 conhecido pela sua capacidade defensiva, for\u00e7a f\u00edsica e qualidade na recupera\u00e7\u00e3o da bola, caracter\u00edsticas que poderiam acrescentar equil\u00edbrio ao meio-campo do Newcastle. As negocia\u00e7\u00f5es com o Bayern ainda est\u00e3o em andamento e n\u00e3o existe, neste momento, garantia de que um acordo ser\u00e1 alcan\u00e7ado.<\/p>\n<p>&nbsp;<\/p>\n<p>Ainda assim, a possibilidade de contratar tanto Dedic quanto Palhinha refor\u00e7a a inten\u00e7\u00e3o do Newcastle de fortalecer diferentes setores do plantel antes do encerramento do mercado.<\/p>\n<p>&nbsp;<\/p>\n<p>Para os adeptos, a chegada de Dedic poder\u00e1 ser particularmente interessante, sobretudo pela possibilidade de v\u00ea-lo em a\u00e7\u00e3o j\u00e1 na primeira jornada. O confronto contra o Liverpool promete ser um dos grandes destaques do in\u00edcio da temporada, e a eventual estreia do novo lateral acrescentaria ainda mais expectativa ao encontro.<\/p>\n<p><img loading=\"lazy\" decoding=\"async\" class=\"alignnone size-medium wp-image-1101\" src=\"https:\/\/www.sportprocess.co.uk\/wp-content\/uploads\/2026\/09\/images-3-300x200.jpeg\" alt=\"\" width=\"300\" height=\"200\" srcset=\"https:\/\/www.sportprocess.co.uk\/wp-content\/uploads\/2026\/09\/images-3-300x200.jpeg 300w, https:\/\/www.sportprocess.co.uk\/wp-content\/uploads\/2026\/09\/images-3.jpeg 547w\" sizes=\"auto, (max-width: 300px) 100vw, 300px\" \/><\/p>\n<p>Com o acordo de \u00a329,5 milh\u00f5es praticamente encaminhado, todos os olhares estar\u00e3o agora voltados para os exames m\u00e9dicos e para as \u00faltimas formalidades. Se tudo correr como previsto, Amar Dedic dever\u00e1 vestir a camisola do Newcastle muito em breve e poder\u00e1 come\u00e7ar a sua aventura na Premier League diante de um dos maiores clubes da Inglaterra.<\/p>\n\n<div style=\"font-size: 0px; height: 0px; line-height: 0px; margin: 0; padding: 0; clear: both;\"><\/div>","protected":false},"excerpt":{"rendered":"<div class=\"mh-excerpt\"><p>Dedic, o Newcastle tamb\u00e9m est\u00e1 envolvido em outra negocia\u00e7\u00e3o de grande destaque. O clube mant\u00e9m conversa\u00e7\u00f5es com o Bayern de Munique sobre uma poss\u00edvel contrata\u00e7\u00e3o <a class=\"mh-excerpt-more\" href=\"https:\/\/www.sportprocess.co.uk\/?p=1097\" title=\":                  \u2026   A sua sa\u00edda provocou muitas rea\u00e7\u00f5es entre os adeptos, devido \u00e0 import\u00e2ncia que o avan\u00e7ado tinha para a equipa e ao carinho que conquistou junto dos f\u00e3s.\">[&#8230;]<\/a><\/p>\n<\/div>","protected":false},"author":1,"featured_media":1100,"comment_status":"open","ping_status":"open","sticky":false,"template":"","format":"standard","meta":{"_jetpack_newsletter_access":"","_jetpack_dont_email_post_to_subs":false,"_jetpack_newsletter_tier_id":0,"_jetpack_memberships_contains_paywalled_content":false,"_jetpack_feature_clip_id":0,"_jetpack_memberships_contains_paid_content":false,"footnotes":"","jetpack_post_was_ever_published":false},"categories":[1],"tags":[287],"class_list":["post-1097","post","type-post","status-publish","format-standard","has-post-thumbnail","hentry","category-uncategorized","tag-benfica-news-and-updates"],"yoast_head":"<!-- This site is optimized with the Yoast SEO plugin v28.4 - https:\/\/yoast.com\/product\/yoast-seo-wordpress\/ -->\n<title>:         \u2026  A sua sa\u00edda provocou muitas rea\u00e7\u00f5es entre os adeptos, devido \u00e0 import\u00e2ncia que o avan\u00e7ado tinha para a equipa e ao carinho que conquistou junto dos f\u00e3s. - sportprocess.co.uk<\/title>\n<meta name=\"description\" content=\"As negocia\u00e7\u00f5es com o Bayern ainda est\u00e3o em andamento e n\u00e3o existe, neste momento, garantia de que um acordo ser\u00e1 alcan\u00e7ado.\" \/>\n<meta name=\"robots\" content=\"index, follow, max-snippet:-1, max-image-preview:large, max-video-preview:-1\" \/>\n<link rel=\"canonical\" href=\"https:\/\/www.sportprocess.co.uk\/?p=1097\" \/>\n<meta property=\"og:locale\" content=\"en_US\" \/>\n<meta property=\"og:type\" content=\"article\" \/>\n<meta property=\"og:title\" content=\":         \u2026  A sua sa\u00edda provocou muitas rea\u00e7\u00f5es entre os adeptos, devido \u00e0 import\u00e2ncia que o avan\u00e7ado tinha para a equipa e ao carinho que conquistou junto dos f\u00e3s. - sportprocess.co.uk\" \/>\n<meta property=\"og:description\" content=\"As negocia\u00e7\u00f5es com o Bayern ainda est\u00e3o em andamento e n\u00e3o existe, neste momento, garantia de que um acordo ser\u00e1 alcan\u00e7ado.\" \/>\n<meta property=\"og:url\" content=\"https:\/\/www.sportprocess.co.uk\/?p=1097\" \/>\n<meta property=\"og:site_name\" content=\"sportprocess.co.uk\" \/>\n<meta property=\"article:published_time\" content=\"2026-09-02T16:52:36+00:00\" \/>\n<meta property=\"article:modified_time\" content=\"2026-09-02T17:07:55+00:00\" \/>\n<meta property=\"og:image\" content=\"https:\/\/www.sportprocess.co.uk\/wp-content\/uploads\/2026\/09\/skysports-amar-dedic-newcastle_7323053.jpg\" \/>\n\t<meta property=\"og:image:width\" content=\"768\" \/>\n\t<meta property=\"og:image:height\" content=\"432\" \/>\n\t<meta property=\"og:image:type\" content=\"image\/jpeg\" \/>\n<meta name=\"author\" content=\"Admin\" \/>\n<meta name=\"twitter:card\" content=\"summary_large_image\" \/>\n<meta name=\"twitter:label1\" content=\"Written by\" \/>\n\t<meta name=\"twitter:data1\" content=\"Admin\" \/>\n\t<meta name=\"twitter:label2\" content=\"Est. reading time\" \/>\n\t<meta name=\"twitter:data2\" content=\"2 minutes\" \/>\n<script type=\"application\/ld+json\" class=\"yoast-schema-graph\">{\"@context\":\"https:\\\/\\\/schema.org\",\"@graph\":[{\"@type\":\"Article\",\"@id\":\"https:\\\/\\\/www.sportprocess.co.uk\\\/?p=1097#article\",\"isPartOf\":{\"@id\":\"https:\\\/\\\/www.sportprocess.co.uk\\\/?p=1097\"},\"author\":{\"name\":\"Admin\",\"@id\":\"https:\\\/\\\/www.sportprocess.co.uk\\\/#\\\/schema\\\/person\\\/6c08cc2bdd7911748ff48afaf176fed6\"},\"headline\":\": \u2026 A sua sa\u00edda provocou muitas rea\u00e7\u00f5es entre os adeptos, devido \u00e0 import\u00e2ncia que o avan\u00e7ado tinha para a equipa e ao carinho que conquistou junto dos f\u00e3s.\",\"datePublished\":\"2026-09-02T16:52:36+00:00\",\"dateModified\":\"2026-09-02T17:07:55+00:00\",\"mainEntityOfPage\":{\"@id\":\"https:\\\/\\\/www.sportprocess.co.uk\\\/?p=1097\"},\"wordCount\":265,\"commentCount\":0,\"image\":{\"@id\":\"https:\\\/\\\/www.sportprocess.co.uk\\\/?p=1097#primaryimage\"},\"thumbnailUrl\":\"https:\\\/\\\/www.sportprocess.co.uk\\\/wp-content\\\/uploads\\\/2026\\\/09\\\/skysports-amar-dedic-newcastle_7323053.jpg\",\"keywords\":[\"Benfica news and updates\"],\"inLanguage\":\"en-US\",\"potentialAction\":[{\"@type\":\"CommentAction\",\"name\":\"Comment\",\"target\":[\"https:\\\/\\\/www.sportprocess.co.uk\\\/?p=1097#respond\"]}]},{\"@type\":\"WebPage\",\"@id\":\"https:\\\/\\\/www.sportprocess.co.uk\\\/?p=1097\",\"url\":\"https:\\\/\\\/www.sportprocess.co.uk\\\/?p=1097\",\"name\":\": \u2026 A sua sa\u00edda provocou muitas rea\u00e7\u00f5es entre os adeptos, devido \u00e0 import\u00e2ncia que o avan\u00e7ado tinha para a equipa e ao carinho que conquistou junto dos f\u00e3s. - sportprocess.co.uk\",\"isPartOf\":{\"@id\":\"https:\\\/\\\/www.sportprocess.co.uk\\\/#website\"},\"primaryImageOfPage\":{\"@id\":\"https:\\\/\\\/www.sportprocess.co.uk\\\/?p=1097#primaryimage\"},\"image\":{\"@id\":\"https:\\\/\\\/www.sportprocess.co.uk\\\/?p=1097#primaryimage\"},\"thumbnailUrl\":\"https:\\\/\\\/www.sportprocess.co.uk\\\/wp-content\\\/uploads\\\/2026\\\/09\\\/skysports-amar-dedic-newcastle_7323053.jpg\",\"datePublished\":\"2026-09-02T16:52:36+00:00\",\"dateModified\":\"2026-09-02T17:07:55+00:00\",\"author\":{\"@id\":\"https:\\\/\\\/www.sportprocess.co.uk\\\/#\\\/schema\\\/person\\\/6c08cc2bdd7911748ff48afaf176fed6\"},\"description\":\"As negocia\u00e7\u00f5es com o Bayern ainda est\u00e3o em andamento e n\u00e3o existe, neste momento, garantia de que um acordo ser\u00e1 alcan\u00e7ado.\",\"breadcrumb\":{\"@id\":\"https:\\\/\\\/www.sportprocess.co.uk\\\/?p=1097#breadcrumb\"},\"inLanguage\":\"en-US\",\"potentialAction\":[{\"@type\":\"ReadAction\",\"target\":[\"https:\\\/\\\/www.sportprocess.co.uk\\\/?p=1097\"]}]},{\"@type\":\"ImageObject\",\"inLanguage\":\"en-US\",\"@id\":\"https:\\\/\\\/www.sportprocess.co.uk\\\/?p=1097#primaryimage\",\"url\":\"https:\\\/\\\/www.sportprocess.co.uk\\\/wp-content\\\/uploads\\\/2026\\\/09\\\/skysports-amar-dedic-newcastle_7323053.jpg\",\"contentUrl\":\"https:\\\/\\\/www.sportprocess.co.uk\\\/wp-content\\\/uploads\\\/2026\\\/09\\\/skysports-amar-dedic-newcastle_7323053.jpg\",\"width\":768,\"height\":432},{\"@type\":\"BreadcrumbList\",\"@id\":\"https:\\\/\\\/www.sportprocess.co.uk\\\/?p=1097#breadcrumb\",\"itemListElement\":[{\"@type\":\"ListItem\",\"position\":1,\"name\":\"Home\",\"item\":\"https:\\\/\\\/www.sportprocess.co.uk\\\/\"},{\"@type\":\"ListItem\",\"position\":2,\"name\":\": \u2026 A sua sa\u00edda provocou muitas rea\u00e7\u00f5es entre os adeptos, devido \u00e0 import\u00e2ncia que o avan\u00e7ado tinha para a equipa e ao carinho que conquistou junto dos f\u00e3s.\"}]},{\"@type\":\"WebSite\",\"@id\":\"https:\\\/\\\/www.sportprocess.co.uk\\\/#website\",\"url\":\"https:\\\/\\\/www.sportprocess.co.uk\\\/\",\"name\":\"sportprocess.co.uk\",\"description\":\"Sport news and update\",\"potentialAction\":[{\"@type\":\"SearchAction\",\"target\":{\"@type\":\"EntryPoint\",\"urlTemplate\":\"https:\\\/\\\/www.sportprocess.co.uk\\\/?s={search_term_string}\"},\"query-input\":{\"@type\":\"PropertyValueSpecification\",\"valueRequired\":true,\"valueName\":\"search_term_string\"}}],\"inLanguage\":\"en-US\"},{\"@type\":\"Person\",\"@id\":\"https:\\\/\\\/www.sportprocess.co.uk\\\/#\\\/schema\\\/person\\\/6c08cc2bdd7911748ff48afaf176fed6\",\"name\":\"Admin\",\"image\":{\"@type\":\"ImageObject\",\"inLanguage\":\"en-US\",\"@id\":\"https:\\\/\\\/secure.gravatar.com\\\/avatar\\\/f8ef950cbb7574c0bc874094b8d307659bfe2d7aa4a9d26fa6917eff010748f9?s=96&d=mm&r=g\",\"url\":\"https:\\\/\\\/secure.gravatar.com\\\/avatar\\\/f8ef950cbb7574c0bc874094b8d307659bfe2d7aa4a9d26fa6917eff010748f9?s=96&d=mm&r=g\",\"contentUrl\":\"https:\\\/\\\/secure.gravatar.com\\\/avatar\\\/f8ef950cbb7574c0bc874094b8d307659bfe2d7aa4a9d26fa6917eff010748f9?s=96&d=mm&r=g\",\"caption\":\"Admin\"},\"sameAs\":[\"https:\\\/\\\/www.sportprocess.co.uk\"],\"url\":\"https:\\\/\\\/www.sportprocess.co.uk\\\/?author=1\"}]}<\/script>\n<!-- \/ Yoast SEO plugin. -->","yoast_head_json":{"title":":         \u2026  A sua sa\u00edda provocou muitas rea\u00e7\u00f5es entre os adeptos, devido \u00e0 import\u00e2ncia que o avan\u00e7ado tinha para a equipa e ao carinho que conquistou junto dos f\u00e3s. - sportprocess.co.uk","description":"As negocia\u00e7\u00f5es com o Bayern ainda est\u00e3o em andamento e n\u00e3o existe, neste momento, garantia de que um acordo ser\u00e1 alcan\u00e7ado.","robots":{"index":"index","follow":"follow","max-snippet":"max-snippet:-1","max-image-preview":"max-image-preview:large","max-video-preview":"max-video-preview:-1"},"canonical":"https:\/\/www.sportprocess.co.uk\/?p=1097","og_locale":"en_US","og_type":"article","og_title":":         \u2026  A sua sa\u00edda provocou muitas rea\u00e7\u00f5es entre os adeptos, devido \u00e0 import\u00e2ncia que o avan\u00e7ado tinha para a equipa e ao carinho que conquistou junto dos f\u00e3s. - sportprocess.co.uk","og_description":"As negocia\u00e7\u00f5es com o Bayern ainda est\u00e3o em andamento e n\u00e3o existe, neste momento, garantia de que um acordo ser\u00e1 alcan\u00e7ado.","og_url":"https:\/\/www.sportprocess.co.uk\/?p=1097","og_site_name":"sportprocess.co.uk","article_published_time":"2026-09-02T16:52:36+00:00","article_modified_time":"2026-09-02T17:07:55+00:00","og_image":[{"width":768,"height":432,"url":"https:\/\/www.sportprocess.co.uk\/wp-content\/uploads\/2026\/09\/skysports-amar-dedic-newcastle_7323053.jpg","type":"image\/jpeg"}],"author":"Admin","twitter_card":"summary_large_image","twitter_misc":{"Written by":"Admin","Est. reading time":"2 minutes"},"schema":{"@context":"https:\/\/schema.org","@graph":[{"@type":"Article","@id":"https:\/\/www.sportprocess.co.uk\/?p=1097#article","isPartOf":{"@id":"https:\/\/www.sportprocess.co.uk\/?p=1097"},"author":{"name":"Admin","@id":"https:\/\/www.sportprocess.co.uk\/#\/schema\/person\/6c08cc2bdd7911748ff48afaf176fed6"},"headline":": \u2026 A sua sa\u00edda provocou muitas rea\u00e7\u00f5es entre os adeptos, devido \u00e0 import\u00e2ncia que o avan\u00e7ado tinha para a equipa e ao carinho que conquistou junto dos f\u00e3s.","datePublished":"2026-09-02T16:52:36+00:00","dateModified":"2026-09-02T17:07:55+00:00","mainEntityOfPage":{"@id":"https:\/\/www.sportprocess.co.uk\/?p=1097"},"wordCount":265,"commentCount":0,"image":{"@id":"https:\/\/www.sportprocess.co.uk\/?p=1097#primaryimage"},"thumbnailUrl":"https:\/\/www.sportprocess.co.uk\/wp-content\/uploads\/2026\/09\/skysports-amar-dedic-newcastle_7323053.jpg","keywords":["Benfica news and updates"],"inLanguage":"en-US","potentialAction":[{"@type":"CommentAction","name":"Comment","target":["https:\/\/www.sportprocess.co.uk\/?p=1097#respond"]}]},{"@type":"WebPage","@id":"https:\/\/www.sportprocess.co.uk\/?p=1097","url":"https:\/\/www.sportprocess.co.uk\/?p=1097","name":": \u2026 A sua sa\u00edda provocou muitas rea\u00e7\u00f5es entre os adeptos, devido \u00e0 import\u00e2ncia que o avan\u00e7ado tinha para a equipa e ao carinho que conquistou junto dos f\u00e3s. - sportprocess.co.uk","isPartOf":{"@id":"https:\/\/www.sportprocess.co.uk\/#website"},"primaryImageOfPage":{"@id":"https:\/\/www.sportprocess.co.uk\/?p=1097#primaryimage"},"image":{"@id":"https:\/\/www.sportprocess.co.uk\/?p=1097#primaryimage"},"thumbnailUrl":"https:\/\/www.sportprocess.co.uk\/wp-content\/uploads\/2026\/09\/skysports-amar-dedic-newcastle_7323053.jpg","datePublished":"2026-09-02T16:52:36+00:00","dateModified":"2026-09-02T17:07:55+00:00","author":{"@id":"https:\/\/www.sportprocess.co.uk\/#\/schema\/person\/6c08cc2bdd7911748ff48afaf176fed6"},"description":"As negocia\u00e7\u00f5es com o Bayern ainda est\u00e3o em andamento e n\u00e3o existe, neste momento, garantia de que um acordo ser\u00e1 alcan\u00e7ado.","breadcrumb":{"@id":"https:\/\/www.sportprocess.co.uk\/?p=1097#breadcrumb"},"inLanguage":"en-US","potentialAction":[{"@type":"ReadAction","target":["https:\/\/www.sportprocess.co.uk\/?p=1097"]}]},{"@type":"ImageObject","inLanguage":"en-US","@id":"https:\/\/www.sportprocess.co.uk\/?p=1097#primaryimage","url":"https:\/\/www.sportprocess.co.uk\/wp-content\/uploads\/2026\/09\/skysports-amar-dedic-newcastle_7323053.jpg","contentUrl":"https:\/\/www.sportprocess.co.uk\/wp-content\/uploads\/2026\/09\/skysports-amar-dedic-newcastle_7323053.jpg","width":768,"height":432},{"@type":"BreadcrumbList","@id":"https:\/\/www.sportprocess.co.uk\/?p=1097#breadcrumb","itemListElement":[{"@type":"ListItem","position":1,"name":"Home","item":"https:\/\/www.sportprocess.co.uk\/"},{"@type":"ListItem","position":2,"name":": \u2026 A sua sa\u00edda provocou muitas rea\u00e7\u00f5es entre os adeptos, devido \u00e0 import\u00e2ncia que o avan\u00e7ado tinha para a equipa e ao carinho que conquistou junto dos f\u00e3s."}]},{"@type":"WebSite","@id":"https:\/\/www.sportprocess.co.uk\/#website","url":"https:\/\/www.sportprocess.co.uk\/","name":"sportprocess.co.uk","description":"Sport news and update","potentialAction":[{"@type":"SearchAction","target":{"@type":"EntryPoint","urlTemplate":"https:\/\/www.sportprocess.co.uk\/?s={search_term_string}"},"query-input":{"@type":"PropertyValueSpecification","valueRequired":true,"valueName":"search_term_string"}}],"inLanguage":"en-US"},{"@type":"Person","@id":"https:\/\/www.sportprocess.co.uk\/#\/schema\/person\/6c08cc2bdd7911748ff48afaf176fed6","name":"Admin","image":{"@type":"ImageObject","inLanguage":"en-US","@id":"https:\/\/secure.gravatar.com\/avatar\/f8ef950cbb7574c0bc874094b8d307659bfe2d7aa4a9d26fa6917eff010748f9?s=96&d=mm&r=g","url":"https:\/\/secure.gravatar.com\/avatar\/f8ef950cbb7574c0bc874094b8d307659bfe2d7aa4a9d26fa6917eff010748f9?s=96&d=mm&r=g","contentUrl":"https:\/\/secure.gravatar.com\/avatar\/f8ef950cbb7574c0bc874094b8d307659bfe2d7aa4a9d26fa6917eff010748f9?s=96&d=mm&r=g","caption":"Admin"},"sameAs":["https:\/\/www.sportprocess.co.uk"],"url":"https:\/\/www.sportprocess.co.uk\/?author=1"}]}},"jetpack_sharing_enabled":true,"jetpack_featured_media_url":"https:\/\/www.sportprocess.co.uk\/wp-content\/uploads\/2026\/09\/skysports-amar-dedic-newcastle_7323053.jpg","_links":{"self":[{"href":"https:\/\/www.sportprocess.co.uk\/index.php?rest_route=\/wp\/v2\/posts\/1097","targetHints":{"allow":["GET"]}}],"collection":[{"href":"https:\/\/www.sportprocess.co.uk\/index.php?rest_route=\/wp\/v2\/posts"}],"about":[{"href":"https:\/\/www.sportprocess.co.uk\/index.php?rest_route=\/wp\/v2\/types\/post"}],"author":[{"embeddable":true,"href":"https:\/\/www.sportprocess.co.uk\/index.php?rest_route=\/wp\/v2\/users\/1"}],"replies":[{"embeddable":true,"href":"https:\/\/www.sportprocess.co.uk\/index.php?rest_route=%2Fwp%2Fv2%2Fcomments&post=1097"}],"version-history":[{"count":4,"href":"https:\/\/www.sportprocess.co.uk\/index.php?rest_route=\/wp\/v2\/posts\/1097\/revisions"}],"predecessor-version":[{"id":1103,"href":"https:\/\/www.sportprocess.co.uk\/index.php?rest_route=\/wp\/v2\/posts\/1097\/revisions\/1103"}],"wp:featuredmedia":[{"embeddable":true,"href":"https:\/\/www.sportprocess.co.uk\/index.php?rest_route=\/wp\/v2\/media\/1100"}],"wp:attachment":[{"href":"https:\/\/www.sportprocess.co.uk\/index.php?rest_route=%2Fwp%2Fv2%2Fmedia&parent=1097"}],"wp:term":[{"taxonomy":"category","embeddable":true,"href":"https:\/\/www.sportprocess.co.uk\/index.php?rest_route=%2Fwp%2Fv2%2Fcategories&post=1097"},{"taxonomy":"post_tag","embeddable":true,"href":"https:\/\/www.sportprocess.co.uk\/index.php?rest_route=%2Fwp%2Fv2%2Ftags&post=1097"}],"curies":[{"name":"wp","href":"https:\/\/api.w.org\/{rel}","templated":true}]}}